{"id":3572,"date":"2024-06-06T22:30:50","date_gmt":"2024-06-06T20:30:50","guid":{"rendered":"https:\/\/husarenschwarzweiss.de\/wp\/?p=3572"},"modified":"2024-06-10T18:41:20","modified_gmt":"2024-06-10T16:41:20","slug":"mitgliederversammlung-2024","status":"publish","type":"post","link":"https:\/\/husarenschwarzweiss.de\/wp\/mitgliederversammlung-2024\/","title":{"rendered":"Mitgliederversammlung 2024"},"content":{"rendered":"<div class=\"html-div xe8uvvx xdj266r x11i5rnm xat24cr x1mh8g0r xexx8yu x4uap5 x18d9i69 xkhd6sd\" dir=\"auto\">\n<div id=\":rs:\" class=\"x1iorvi4 x1pi30zi x1l90r2v x1swvt13\" data-ad-comet-preview=\"message\" data-ad-preview=\"message\">\n<div class=\"x78zum5 xdt5ytf xz62fqu x16ldp7u\">\n<div class=\"xu06os2 x1ok221b\">\n<div class=\"xdj266r x11i5rnm xat24cr x1mh8g0r x1vvkbs x126k92a\">\n<div dir=\"auto\" style=\"text-align: center;\">Wir melden uns zur\u00fcck von unserer gestrigen Mitgliederversammlung und freuen uns, euch unseren gew\u00e4hlten Vorstand vorstellen zu d\u00fcrfen <span class=\"html-span xexx8yu x4uap5 x18d9i69 xkhd6sd x1hl2dhg x16tdsg8 x1vvkbs x3nfvp2 x1j61x8r x1fcty0u xdj266r xat24cr xgzva0m xhhsvwb xxymvpz xlup9mm x1kky2od\"><img loading=\"lazy\" decoding=\"async\" class=\"xz74otr\" src=\"https:\/\/static.xx.fbcdn.net\/images\/emoji.php\/v9\/t0\/1\/16\/1f5a4.png\" alt=\"\ud83d\udda4\" width=\"16\" height=\"16\"><\/span><span class=\"html-span xexx8yu x4uap5 x18d9i69 xkhd6sd x1hl2dhg x16tdsg8 x1vvkbs x3nfvp2 x1j61x8r x1fcty0u xdj266r xat24cr xgzva0m xhhsvwb xxymvpz xlup9mm x1kky2od\"><img loading=\"lazy\" decoding=\"async\" class=\"xz74otr\" src=\"https:\/\/static.xx.fbcdn.net\/images\/emoji.php\/v9\/tc5\/1\/16\/1f90d.png\" alt=\"\ud83e\udd0d\" width=\"16\" height=\"16\"><\/span><\/div>\n<div dir=\"auto\">&nbsp;<\/div>\n<\/div>\n<div class=\"x11i5rnm xat24cr x1mh8g0r x1vvkbs xtlvy1s x126k92a\">\n<div dir=\"auto\"><img loading=\"lazy\" decoding=\"async\" class=\"aligncenter size-large wp-image-3573\" src=\"https:\/\/husarenschwarzweiss.de\/wp\/wp-content\/uploads\/2024\/06\/448002026_759654263038702_2139349170788548539_n-1024x555.jpg\" alt=\"\" width=\"780\" height=\"423\" srcset=\"https:\/\/husarenschwarzweiss.de\/wp\/wp-content\/uploads\/2024\/06\/448002026_759654263038702_2139349170788548539_n-1024x555.jpg 1024w, https:\/\/husarenschwarzweiss.de\/wp\/wp-content\/uploads\/2024\/06\/448002026_759654263038702_2139349170788548539_n-600x325.jpg 600w, https:\/\/husarenschwarzweiss.de\/wp\/wp-content\/uploads\/2024\/06\/448002026_759654263038702_2139349170788548539_n-300x163.jpg 300w, https:\/\/husarenschwarzweiss.de\/wp\/wp-content\/uploads\/2024\/06\/448002026_759654263038702_2139349170788548539_n-768x416.jpg 768w, https:\/\/husarenschwarzweiss.de\/wp\/wp-content\/uploads\/2024\/06\/448002026_759654263038702_2139349170788548539_n.jpg 1440w\" sizes=\"auto, (max-width: 780px) 100vw, 780px\" \/><\/div>\n<div dir=\"auto\">&nbsp;<\/div>\n<div dir=\"auto\" style=\"text-align: center;\">Von links angefangen:<\/div>\n<\/div>\n<div class=\"x11i5rnm xat24cr x1mh8g0r x1vvkbs xtlvy1s x126k92a\" style=\"text-align: center;\">\n<div dir=\"auto\">&#8211; 2. Gesch\u00e4ftsf\u00fchrer: Peter Gro\u00dfe Entrup<\/div>\n<div dir=\"auto\">&#8211; \u20601. Vorsitzender: Alexander Klein<\/div>\n<div dir=\"auto\">&#8211; \u2060Pr\u00e4sident: Stephan Riesop<\/div>\n<div dir=\"auto\">&#8211; \u20601. Gesch\u00e4ftsf\u00fchrerin: Helga Wickidal<\/div>\n<div dir=\"auto\">&#8211; \u20602. Vorsitzender: Joachim Walterscheid<\/div>\n<div dir=\"auto\">&#8211; \u2060Vize-Pr\u00e4sidentin: Jette Walterscheid<\/div>\n<div dir=\"auto\">&#8211; \u20602. Schriftf\u00fchrerin: Melanie Theisen<\/div>\n<div dir=\"auto\">&#8211; \u20601. Schriftf\u00fchrerin: Agathe Demmer<\/div>\n<div dir=\"auto\">&#8211; \u20601. Zahlmeister: Markus M\u00fcller<\/div>\n<\/div>\n<div class=\"x11i5rnm xat24cr x1mh8g0r x1vvkbs xtlvy1s x126k92a\" style=\"text-align: center;\">\n<div dir=\"auto\">Auf eine gute Zusammenarbeit <span class=\"html-span xexx8yu x4uap5 x18d9i69 xkhd6sd x1hl2dhg x16tdsg8 x1vvkbs x3nfvp2 x1j61x8r x1fcty0u xdj266r xat24cr xgzva0m xhhsvwb xxymvpz xlup9mm x1kky2od\"><img loading=\"lazy\" decoding=\"async\" class=\"xz74otr\" src=\"https:\/\/static.xx.fbcdn.net\/images\/emoji.php\/v9\/t96\/1\/16\/1f37b.png\" alt=\"\ud83c\udf7b\" width=\"16\" height=\"16\"><\/span><\/div>\n<\/div>\n<div class=\"x11i5rnm xat24cr x1mh8g0r x1vvkbs xtlvy1s x126k92a\">\n<div dir=\"auto\" style=\"text-align: center;\">Eure Husaren Schwarz-Wei\u00df aus Siegburg <span class=\"html-span xexx8yu x4uap5 x18d9i69 xkhd6sd x1hl2dhg x16tdsg8 x1vvkbs x3nfvp2 x1j61x8r x1fcty0u xdj266r xat24cr xgzva0m xhhsvwb xxymvpz xlup9mm x1kky2od\"><img loading=\"lazy\" decoding=\"async\" class=\"xz74otr aligncenter\" src=\"https:\/\/static.xx.fbcdn.net\/images\/emoji.php\/v9\/t6c\/1\/16\/2764.png\" alt=\"\u2764\ufe0f\" width=\"16\" height=\"16\"><\/span><\/div>\n<\/div>\n<\/div>\n<\/div>\n<\/div>\n<\/div>\n","protected":false},"excerpt":{"rendered":"<p>Wir melden uns zur\u00fcck von unserer gestrigen Mitgliederversammlung und freuen uns, euch unseren gew\u00e4hlten Vorstand vorstellen zu d\u00fcrfen &nbsp; &nbsp; Von links angefangen: &#8211; 2. Gesch\u00e4ftsf\u00fchrer: Peter Gro\u00dfe Entrup &#8211; \u20601. Vorsitzender: Alexander Klein &#8211; \u2060Pr\u00e4sident: Stephan Riesop &#8211; \u20601. Gesch\u00e4ftsf\u00fchrerin: Helga Wickidal &#8211; \u20602. Vorsitzender: Joachim Walterscheid &#8211; \u2060Vize-Pr\u00e4sidentin: Jette Walterscheid &#8211; \u20602. Schriftf\u00fchrerin: Melanie Theisen &#8211; \u20601. Schriftf\u00fchrerin: Agathe Demmer &#8211; \u20601. Zahlmeister: Markus M\u00fcller Auf eine gute Zusammenarbeit Eure Husaren Schwarz-Wei\u00df aus <a class=\"more-link\" href=\"https:\/\/husarenschwarzweiss.de\/wp\/mitgliederversammlung-2024\/\">weiterlesen&#8230;<\/a><\/p>\n","protected":false},"author":1,"featured_media":0,"comment_status":"closed","ping_status":"closed","sticky":false,"template":"","format":"standard","meta":{"ngg_post_thumbnail":0,"footnotes":""},"categories":[1],"tags":[],"class_list":["post-3572","post","type-post","status-publish","format-standard","hentry","category-allgemein"],"_links":{"self":[{"href":"https:\/\/husarenschwarzweiss.de\/wp\/wp-json\/wp\/v2\/posts\/3572","targetHints":{"allow":["GET"]}}],"collection":[{"href":"https:\/\/husarenschwarzweiss.de\/wp\/wp-json\/wp\/v2\/posts"}],"about":[{"href":"https:\/\/husarenschwarzweiss.de\/wp\/wp-json\/wp\/v2\/types\/post"}],"author":[{"embeddable":true,"href":"https:\/\/husarenschwarzweiss.de\/wp\/wp-json\/wp\/v2\/users\/1"}],"replies":[{"embeddable":true,"href":"https:\/\/husarenschwarzweiss.de\/wp\/wp-json\/wp\/v2\/comments?post=3572"}],"version-history":[{"count":0,"href":"https:\/\/husarenschwarzweiss.de\/wp\/wp-json\/wp\/v2\/posts\/3572\/revisions"}],"wp:attachment":[{"href":"https:\/\/husarenschwarzweiss.de\/wp\/wp-json\/wp\/v2\/media?parent=3572"}],"wp:term":[{"taxonomy":"category","embeddable":true,"href":"https:\/\/husarenschwarzweiss.de\/wp\/wp-json\/wp\/v2\/categories?post=3572"},{"taxonomy":"post_tag","embeddable":true,"href":"https:\/\/husarenschwarzweiss.de\/wp\/wp-json\/wp\/v2\/tags?post=3572"}],"curies":[{"name":"wp","href":"https:\/\/api.w.org\/{rel}","templated":true}]}}